{"id":742,"date":"2025-03-03T12:25:20","date_gmt":"2025-03-03T11:25:20","guid":{"rendered":"https:\/\/www.sorianoipiqueras.com\/?p=742"},"modified":"2025-03-03T12:26:14","modified_gmt":"2025-03-03T11:26:14","slug":"soriano-i-piqueras-inaugura-su-oficina-de-palma","status":"publish","type":"post","link":"https:\/\/www.sorianoipiqueras.com\/es_es\/2025\/03\/03\/soriano-i-piqueras-inaugura-su-oficina-de-palma\/","title":{"rendered":"El despacho \u00abSoriano i Piqueras\u00bb\u00a0inaugura su oficina de Palma y reafirma su presencia en Balears"},"content":{"rendered":"\n<blockquote class=\"wp-block-quote is-layout-flow wp-block-quote-is-layout-flow\">\n<p><strong>El 1 de marzo, coincidiendo con el dia de las Illes Balears, la firma \u00abSoriano i Piqueras\u00bb\u00a0ha inaugurado su nueva oficina de Palma de Mallorca, situada en el n\u00famero 74 de la V\u00eda Sindicat de la capital balear<\/strong><\/p>\n<\/blockquote>\n\n\n\n<blockquote class=\"wp-block-quote is-layout-flow wp-block-quote-is-layout-flow\">\n<p><strong>El evento de inauguraci\u00f3n que ha contado con la presencia del director de la firma, V\u00edctor Soriano, del of counsel y responsable de la oficina de Madrid, Jos\u00e9 Luis Pantoja y del consultor Enrique Enguix, se ha celebrado en un clima distendido con algunos clientes de la firma en la isla de Mallorca<\/strong><\/p>\n<\/blockquote>\n","protected":false},"excerpt":{"rendered":"<p>El 1 de marzo, coincidiendo con el dia de las Illes Balears, la firma \u00abSoriano i Piqueras\u00bb\u00a0ha inaugurado su nueva oficina de Palma de Mallorca, situada en el n\u00famero 74 de la V\u00eda Sindicat de la capital balear El evento de inauguraci\u00f3n que ha contado con la presencia del director de la firma, V\u00edctor Soriano, [&hellip;]<\/p>\n","protected":false},"author":1,"featured_media":743,"comment_status":"closed","ping_status":"closed","sticky":false,"template":"","format":"standard","meta":{"footnotes":""},"categories":[1],"tags":[],"class_list":["post-742","post","type-post","status-publish","format-standard","has-post-thumbnail","hentry","category-sin-categoria"],"aioseo_notices":[],"_links":{"self":[{"href":"https:\/\/www.sorianoipiqueras.com\/es_es\/wp-json\/wp\/v2\/posts\/742","targetHints":{"allow":["GET"]}}],"collection":[{"href":"https:\/\/www.sorianoipiqueras.com\/es_es\/wp-json\/wp\/v2\/posts"}],"about":[{"href":"https:\/\/www.sorianoipiqueras.com\/es_es\/wp-json\/wp\/v2\/types\/post"}],"author":[{"embeddable":true,"href":"https:\/\/www.sorianoipiqueras.com\/es_es\/wp-json\/wp\/v2\/users\/1"}],"replies":[{"embeddable":true,"href":"https:\/\/www.sorianoipiqueras.com\/es_es\/wp-json\/wp\/v2\/comments?post=742"}],"version-history":[{"count":3,"href":"https:\/\/www.sorianoipiqueras.com\/es_es\/wp-json\/wp\/v2\/posts\/742\/revisions"}],"predecessor-version":[{"id":746,"href":"https:\/\/www.sorianoipiqueras.com\/es_es\/wp-json\/wp\/v2\/posts\/742\/revisions\/746"}],"wp:featuredmedia":[{"embeddable":true,"href":"https:\/\/www.sorianoipiqueras.com\/es_es\/wp-json\/wp\/v2\/media\/743"}],"wp:attachment":[{"href":"https:\/\/www.sorianoipiqueras.com\/es_es\/wp-json\/wp\/v2\/media?parent=742"}],"wp:term":[{"taxonomy":"category","embeddable":true,"href":"https:\/\/www.sorianoipiqueras.com\/es_es\/wp-json\/wp\/v2\/categories?post=742"},{"taxonomy":"post_tag","embeddable":true,"href":"https:\/\/www.sorianoipiqueras.com\/es_es\/wp-json\/wp\/v2\/tags?post=742"}],"curies":[{"name":"wp","href":"https:\/\/api.w.org\/{rel}","templated":true}]}}