{"id":1804,"date":"2026-08-29T15:37:00","date_gmt":"2026-08-29T13:37:00","guid":{"rendered":"https:\/\/www.sorianoipiqueras.com\/?p=1804"},"modified":"2026-08-29T15:37:00","modified_gmt":"2026-08-29T13:37:00","slug":"soriano-i-piqueras-asesora-a-la-aded-en-la-denuncia-contra-el-alcalde-de-villena-por-delito-contra-el-patrimonio-historico-en-comision-por-omision","status":"publish","type":"post","link":"https:\/\/www.sorianoipiqueras.com\/it\/2026\/08\/29\/soriano-i-piqueras-asesora-a-la-aded-en-la-denuncia-contra-el-alcalde-de-villena-por-delito-contra-el-patrimonio-historico-en-comision-por-omision\/","title":{"rendered":"Soriano i Piqueras asesora a la ADED en la denuncia contra el alcalde de Villena por delito contra el patrimonio hist\u00f3rico en comisi\u00f3n por omision"},"content":{"rendered":"<p class=\"wp-block-paragraph\">Soriano i Piqueras ha asumido la direcci\u00f3n letrada de la denuncia presentada por la Asociaci\u00f3n para la Defensa del Estado de Derecho y la Lucha contra la Corrupci\u00f3n (ADED) ante la Secci\u00f3n de Instrucci\u00f3n del Tribunal de Instancia de Villena frente al Alcalde-Presidente del Ayuntamiento, la concejala delegada de Cultura, la direcci\u00f3n del Museo de Villena y la persona responsable de la seguridad del centro, por la p\u00e9rdida del Tesoro de Villena.<\/p>\n\n\n\n<p class=\"wp-block-paragraph\">La denuncia no se dirige contra los autores materiales del robo cometido en la madrugada del 27 de agosto, cuya investigaci\u00f3n sigue su curso, sino contra quienes ten\u00edan encomendada la custodia del conjunto. El escrito sostiene que los hechos pueden ser constitutivos de un delito de da\u00f1os por imprudencia grave sobre el patrimonio hist\u00f3rico, previsto en el art\u00edculo 324 del C\u00f3digo Penal, cometido en comisi\u00f3n por omisi\u00f3n conforme al art\u00edculo 11 del mismo texto legal. El reproche se centra en el cambio de modelo de custodia adoptado en 2024, cuando, con la apertura de la nueva sede del museo, se sustituyeron las r\u00e9plicas por las piezas originales y se pas\u00f3 de un cofre en estancia blindada bajo vigilancia permanente de la Polic\u00eda Local a un sistema de exhibici\u00f3n en vitrinas con protecci\u00f3n esencialmente electr\u00f3nica, sin personal de seguridad presente durante las horas de cierre. La denuncia sit\u00faa esa decisi\u00f3n en su contexto, pues en los cuatro meses anteriores al asalto dos museos espa\u00f1oles hab\u00edan sido atacados con id\u00e9ntico modo de operar, el Museo Arqueol\u00f3gico Provincial de Badajoz en abril y el Museo de Albacete el 28 de julio, y en julio de 2026 el Ministerio de Cultura recab\u00f3 de los museos espa\u00f1oles informaci\u00f3n sobre sus fondos de oro ante el riesgo de nuevos episodios.<\/p>\n\n\n\n<p class=\"wp-block-paragraph\">El Tesoro de Villena es un bien de dominio p\u00fablico declarado de Inter\u00e9s Cultural por Decreto 66\/2005 del Consell, integrado por 67 piezas, entre ellas 53 objetos de oro de 23,5 quilates con un peso total de 9.109,28 gramos, y datado en torno al a\u00f1o 1000 a. C. El propio decreto de declaraci\u00f3n lo describe como un <em>unicum<\/em> y como el segundo tesoro de vajilla \u00e1urea m\u00e1s importante de Europa, superado \u00fanicamente por el de las Tumbas Reales de Micenas. Contiene adem\u00e1s las piezas de hierro m\u00e1s antiguas halladas en la Pen\u00ednsula Ib\u00e9rica, de origen mete\u00f3rico. Su tasaci\u00f3n se ha situado en torno a cinco millones de euros, pero lo que desaparece de manera irreversible si las piezas son fundidas es la informaci\u00f3n hist\u00f3rica que contienen.<\/p>\n\n\n\n<p class=\"wp-block-paragraph\">El escrito reconoce de forma expresa la dificultad de la calificaci\u00f3n, ya que la malversaci\u00f3n imprudente desapareci\u00f3 del ordenamiento espa\u00f1ol con el C\u00f3digo Penal de 1995 y la interposici\u00f3n de un tercero que act\u00faa dolosamente tiende a interrumpir la imputaci\u00f3n del resultado a quien obr\u00f3 con negligencia. Frente a ello sostiene que esa objeci\u00f3n no opera cuando el deber infringido ten\u00eda por objeto espec\u00edfico impedir la conducta del tercero, que es el contenido propio del deber de custodia, y solicita diecis\u00e9is diligencias dirigidas a incorporar el expediente del traslado, las auditor\u00edas de seguridad previas a la apertura, los contratos de vigilancia y las comunicaciones recibidas de las autoridades culturales y policiales durante el verano. La denuncia no afirma la comisi\u00f3n de un delito ni atribuye conducta dolosa alguna a los denunciados, sino que plantea la existencia de indicios suficientes para practicar las diligencias que permitan determinarlo.<\/p>","protected":false},"excerpt":{"rendered":"<p>Soriano i Piqueras ha asumido la direcci\u00f3n letrada de la denuncia presentada por la Asociaci\u00f3n para la Defensa del Estado de Derecho y la Lucha contra la Corrupci\u00f3n (ADED) ante la Secci\u00f3n de Instrucci\u00f3n del Tribunal de Instancia de Villena frente al Alcalde-Presidente del Ayuntamiento, la concejala delegada de Cultura, la direcci\u00f3n del Museo de [&hellip;]<\/p>","protected":false},"author":1,"featured_media":1315,"comment_status":"closed","ping_status":"closed","sticky":false,"template":"","format":"standard","meta":{"footnotes":""},"categories":[18],"tags":[],"class_list":["post-1804","post","type-post","status-publish","format-standard","has-post-thumbnail","hentry","category-noticias-de-firma"],"aioseo_notices":[],"_links":{"self":[{"href":"https:\/\/www.sorianoipiqueras.com\/it\/wp-json\/wp\/v2\/posts\/1804","targetHints":{"allow":["GET"]}}],"collection":[{"href":"https:\/\/www.sorianoipiqueras.com\/it\/wp-json\/wp\/v2\/posts"}],"about":[{"href":"https:\/\/www.sorianoipiqueras.com\/it\/wp-json\/wp\/v2\/types\/post"}],"author":[{"embeddable":true,"href":"https:\/\/www.sorianoipiqueras.com\/it\/wp-json\/wp\/v2\/users\/1"}],"replies":[{"embeddable":true,"href":"https:\/\/www.sorianoipiqueras.com\/it\/wp-json\/wp\/v2\/comments?post=1804"}],"version-history":[{"count":1,"href":"https:\/\/www.sorianoipiqueras.com\/it\/wp-json\/wp\/v2\/posts\/1804\/revisions"}],"predecessor-version":[{"id":1805,"href":"https:\/\/www.sorianoipiqueras.com\/it\/wp-json\/wp\/v2\/posts\/1804\/revisions\/1805"}],"wp:featuredmedia":[{"embeddable":true,"href":"https:\/\/www.sorianoipiqueras.com\/it\/wp-json\/wp\/v2\/media\/1315"}],"wp:attachment":[{"href":"https:\/\/www.sorianoipiqueras.com\/it\/wp-json\/wp\/v2\/media?parent=1804"}],"wp:term":[{"taxonomy":"category","embeddable":true,"href":"https:\/\/www.sorianoipiqueras.com\/it\/wp-json\/wp\/v2\/categories?post=1804"},{"taxonomy":"post_tag","embeddable":true,"href":"https:\/\/www.sorianoipiqueras.com\/it\/wp-json\/wp\/v2\/tags?post=1804"}],"curies":[{"name":"wp","href":"https:\/\/api.w.org\/{rel}","templated":true}]}}